{"id":9610,"date":"2026-04-27T05:24:45","date_gmt":"2026-04-27T05:24:45","guid":{"rendered":"https:\/\/www.mallandmotto.com\/?p=9610"},"modified":"2026-04-27T05:24:46","modified_gmt":"2026-04-27T05:24:46","slug":"nisan-ayi-enflasyon-verileri-4-mayista-aciklanacak","status":"publish","type":"post","link":"https:\/\/www.mallandmotto.com\/index.php\/2026\/04\/27\/nisan-ayi-enflasyon-verileri-4-mayista-aciklanacak\/","title":{"rendered":"Nisan Ay\u0131 Enflasyon Verileri 4 May\u0131s\u2019ta A\u00e7\u0131klanacak"},"content":{"rendered":"\n<h3 class=\"wp-block-heading\">Merkez Bankas\u0131 Piyasa Kat\u0131l\u0131mc\u0131lar\u0131 Anketi\u2019ne g\u00f6re y\u0131l sonu enflasyon beklentisi y\u00fckselirken, g\u00f6zler \u015fimdi Nisan ay\u0131 enflasyon verilerine \u00e7evrildi. T\u00dc\u0130K, rakamlar\u0131 4 May\u0131s Pazartesi g\u00fcn\u00fc saat 10.00\u2019da a\u00e7\u0131klayacak.<\/h3>\n\n\n\n<p>T\u00fcrkiye Cumhuriyet Merkez Bankas\u0131&nbsp;taraf\u0131ndan yay\u0131mlanan Piyasa Kat\u0131l\u0131mc\u0131lar\u0131 Anketi, enflasyon beklentilerinde yukar\u0131 y\u00f6nl\u00fc bir revizyona i\u015faret etti. Ankete g\u00f6re, 2026 y\u0131l sonu T\u00fcketici Fiyat Endeksi (T\u00dcFE) art\u0131\u015f beklentisi y\u00fczde 25,38\u2019den y\u00fczde 27,53\u2019e y\u00fckseldi.<\/p>\n\n\n\n<p>Memur ve emekli maa\u015f zamlar\u0131 ile kira art\u0131\u015f oranlar\u0131nda belirleyici olan enflasyon verileri i\u00e7in g\u00f6zler \u015fimdi&nbsp;T\u00fcrkiye \u0130statistik Kurumu&nbsp;taraf\u0131ndan a\u00e7\u0131klanacak Nisan ay\u0131 rakamlar\u0131na \u00e7evrildi.<\/p>\n\n\n\n<p>Her ay\u0131n 3\u2019\u00fcnde a\u00e7\u0131klanan enflasyon verileri, bu ay 3 May\u0131s\u2019\u0131n pazar g\u00fcn\u00fcne denk gelmesi nedeniyle 4 May\u0131s Pazartesi g\u00fcn\u00fc saat 10.00\u2019da kamuoyuyla payla\u015f\u0131lacak.<\/p>\n\n\n\n<p>Ekonomistler ve piyasa akt\u00f6rleri, a\u00e7\u0131klanacak verilerin y\u0131l\u0131n geri kalan\u0131na ili\u015fkin enflasyon g\u00f6r\u00fcn\u00fcm\u00fc ve ekonomik beklentiler \u00fczerinde belirleyici olaca\u011f\u0131n\u0131 ifade ediyor.<\/p>\n","protected":false},"excerpt":{"rendered":"<p>Merkez Bankas\u0131 Piyasa Kat\u0131l\u0131mc\u0131lar\u0131 Anketi\u2019ne g\u00f6re y\u0131l sonu enflasyon beklentisi y\u00fckselirken, g\u00f6zler \u015fimdi Nisan ay\u0131 enflasyon verilerine \u00e7evrildi. T\u00dc\u0130K, rakamlar\u0131 4 May\u0131s Pazartesi g\u00fcn\u00fc saat&hellip;<\/p>\n","protected":false},"author":6,"featured_media":9611,"comment_status":"open","ping_status":"open","sticky":false,"template":"","format":"standard","meta":{"footnotes":""},"categories":[15],"tags":[],"class_list":["post-9610","post","type-post","status-publish","format-standard","has-post-thumbnail","hentry","category-gundem"],"_links":{"self":[{"href":"https:\/\/www.mallandmotto.com\/index.php\/wp-json\/wp\/v2\/posts\/9610","targetHints":{"allow":["GET"]}}],"collection":[{"href":"https:\/\/www.mallandmotto.com\/index.php\/wp-json\/wp\/v2\/posts"}],"about":[{"href":"https:\/\/www.mallandmotto.com\/index.php\/wp-json\/wp\/v2\/types\/post"}],"author":[{"embeddable":true,"href":"https:\/\/www.mallandmotto.com\/index.php\/wp-json\/wp\/v2\/users\/6"}],"replies":[{"embeddable":true,"href":"https:\/\/www.mallandmotto.com\/index.php\/wp-json\/wp\/v2\/comments?post=9610"}],"version-history":[{"count":1,"href":"https:\/\/www.mallandmotto.com\/index.php\/wp-json\/wp\/v2\/posts\/9610\/revisions"}],"predecessor-version":[{"id":9612,"href":"https:\/\/www.mallandmotto.com\/index.php\/wp-json\/wp\/v2\/posts\/9610\/revisions\/9612"}],"wp:featuredmedia":[{"embeddable":true,"href":"https:\/\/www.mallandmotto.com\/index.php\/wp-json\/wp\/v2\/media\/9611"}],"wp:attachment":[{"href":"https:\/\/www.mallandmotto.com\/index.php\/wp-json\/wp\/v2\/media?parent=9610"}],"wp:term":[{"taxonomy":"category","embeddable":true,"href":"https:\/\/www.mallandmotto.com\/index.php\/wp-json\/wp\/v2\/categories?post=9610"},{"taxonomy":"post_tag","embeddable":true,"href":"https:\/\/www.mallandmotto.com\/index.php\/wp-json\/wp\/v2\/tags?post=9610"}],"curies":[{"name":"wp","href":"https:\/\/api.w.org\/{rel}","templated":true}]}}