{"id":9640,"date":"2026-04-29T08:46:14","date_gmt":"2026-04-29T08:46:14","guid":{"rendered":"https:\/\/www.mallandmotto.com\/?p=9640"},"modified":"2026-04-29T08:46:15","modified_gmt":"2026-04-29T08:46:15","slug":"baharin-enerjisi-halic-kiyisinda-hayat-buluyor","status":"publish","type":"post","link":"https:\/\/www.mallandmotto.com\/index.php\/2026\/04\/29\/baharin-enerjisi-halic-kiyisinda-hayat-buluyor\/","title":{"rendered":"Bahar\u0131n Enerjisi Hali\u00e7 K\u0131y\u0131s\u0131nda Hayat Buluyor"},"content":{"rendered":"\n<h3 class=\"wp-block-heading\">Hali\u00e7\u2019in en k\u00f6kl\u00fc k\u0131y\u0131lar\u0131ndan birinde, \u015fehrin haf\u0131zas\u0131yla bug\u00fcn\u00fcn enerjisini bulu\u015fturan \u0130stanbul\u2019un yeni bulu\u015fma noktas\u0131\u00a0<strong>Tersane Istanbul<\/strong>, 23 Nisan \u2013 19 May\u0131s tarihleri aras\u0131nda ger\u00e7ekle\u015fen\u00a0<strong>Tersane Istanbul Bahar Edition\u2019<\/strong>da\u00a0farkl\u0131 disiplinleri bir araya getirerek ke\u015fif ve ilham dolu bulu\u015fmalarla\u00a0\u015fehrin bahar ritmini yeniden tan\u0131ml\u0131yor.<\/h3>\n\n\n\n<p>Her ya\u015f grubuna hitap eden etkinlikleriyle \u00f6ne \u00e7\u0131kan&nbsp;<strong>Tersane Istanbul Bahar Edition<\/strong>, 4\u201310 May\u0131s haftas\u0131nda konserlerden a\u00e7\u0131k hava spor aktivitelerine, yarat\u0131c\u0131 at\u00f6lyelerden aile ve \u00e7ocuk programlar\u0131na, sokak sanat\u0131 performanslar\u0131ndan tasar\u0131m ve gastronomiyi bulu\u015fturan ak\u015fam pazar\u0131 deneyimine uzanan \u00e7ok katmanl\u0131 bir i\u00e7erik sunuyor. Hali\u00e7 k\u0131y\u0131s\u0131nda konumlanan bu kapsaml\u0131 program, sanat, m\u00fczik ve deneyimi bir araya getirerek \u015fehrin bahar ritmini yeniden \u015fekillendiriyor ve \u0130stanbul\u2019un en dinamik bulu\u015fma noktalar\u0131ndan birini olu\u015fturuyor.<\/p>\n\n\n\n<p><strong>Tersane Istanbul Bahar Edition 4-10 May\u0131s Program\u0131nda \u00d6ne \u00c7\u0131kan Deneyimler:&nbsp;<\/strong><\/p>\n\n\n\n<p><strong>\u2022 Konserler:&nbsp;<\/strong><\/p>\n\n\n\n<p><strong>Tersane Istanbul Bahar Edition<\/strong>, g\u00fcn bat\u0131m\u0131na e\u015flik eden akustik konser serisiyle ziyaret\u00e7ilerine Hali\u00e7 manzaras\u0131yla b\u00fct\u00fcnle\u015fen rafine bir m\u00fczik deneyimi sunuyor. Hali\u00e7 k\u0131y\u0131s\u0131nda g\u00fcn\u00fcn son \u0131\u015f\u0131klar\u0131 \u015fehre yay\u0131l\u0131rken sahne; 8 May\u0131s Cuma g\u00fcn\u00fc&nbsp;<strong>Fikri Karayel\u2019<\/strong>in duygusal melodileri ve g\u00fc\u00e7l\u00fc yorumuna, 9 May\u0131s Cumartesi g\u00fcn\u00fc&nbsp;<strong>Safiye \u00c7akmak<\/strong>\u2019\u0131n zarif t\u0131n\u0131lar\u0131 ve etkileyici performans\u0131na, 10 May\u0131s Pazar g\u00fcn\u00fc ise&nbsp;<strong>Mevsim K\u00f6r\u00fcn<\/strong>\u2019\u00fcn s\u0131cak sahne enerjisi ve samimi ezgilerine emanet olacak. \u0130stanbul siluetine kar\u015f\u0131 m\u00fczikle bulu\u015fan bu \u00f6zel seri, bahar ak\u015famlar\u0131na unutulmaz bir atmosfer katmaya haz\u0131rlan\u0131yor.<\/p>\n\n\n\n<p>8 May\u0131s Cuma&nbsp; &nbsp; &nbsp; &nbsp; &nbsp; &nbsp;&nbsp;&nbsp; &nbsp; &nbsp; &nbsp; &nbsp; &nbsp;&nbsp;18:30 Bar\u0131\u015f Demirel<\/p>\n\n\n\n<p>9 May\u0131s Cumartesi&nbsp; &nbsp; &nbsp;18:30 Safiye \u00c7akmak&nbsp;<\/p>\n\n\n\n<p>10 May\u0131s Pazar &nbsp; &nbsp; &nbsp; &nbsp; &nbsp;18:30 Mevsim K\u00f6r\u00fcn<\/p>\n\n\n\n<ul class=\"wp-block-list\">\n<li><strong>Spor ve A\u00e7\u0131k Hava Deneyimleri<\/strong><\/li>\n<\/ul>\n\n\n\n<p><strong>Tersane Istanbul Bahar Edition<\/strong>, spor aktiviteleriyle \u015fehre hareket ve enerji kat\u0131yor. Padel, yoga, fonksiyonel antrenmanlar ve farkl\u0131 disiplinlerden a\u00e7\u0131k hava egzersizleri, kat\u0131l\u0131mc\u0131lara Hali\u00e7 manzaras\u0131 e\u015fli\u011finde aktif ve iyi hissettiren bir deneyim sunuyor. Etkinlik boyunca Hali\u00e7\u2019e s\u0131f\u0131r konumlanan A\u00e7\u0131k Hava K\u00fct\u00fcphanesi\u2019nde ger\u00e7ekle\u015fen kitap kul\u00fcb\u00fc bulu\u015fmalar\u0131yla ziyaret\u00e7iler ilham veren sohbetlerde bir araya geliyor.&nbsp;Step Forum\u2019dan a\u015fa\u011f\u0131 do\u011fru a\u00e7\u0131lan&nbsp;<strong>Secret Garden<\/strong>ise yemye\u015fil atmosferi, sakin ambiyans\u0131 ve \u015fehirden uzakla\u015ft\u0131ran huzurlu yap\u0131s\u0131yla ziyaret\u00e7ilere keyifli bir ka\u00e7\u0131\u015f noktas\u0131 sunuyor.<\/p>\n\n\n\n<p>9 May\u0131s Cumartesi&nbsp; &nbsp; &nbsp;11:00 \u2013 15:00 ESC Padel Tournament<\/p>\n\n\n\n<p>9 May\u0131s Cumartesi &nbsp; &nbsp; 20:00 Moonlight Yoga&nbsp;<\/p>\n\n\n\n<p>10 May\u0131s Pazar &nbsp; &nbsp; &nbsp; &nbsp; &nbsp;10:00 \u2013 13:00 Rockburn (Running \u00b7 HIIT \u00b7 Yoga \u00b7 Sound Healing \u00b7 Party)<\/p>\n\n\n\n<ul class=\"wp-block-list\">\n<li><strong>At\u00f6lyeler ve Yarat\u0131c\u0131 Deneyimler<\/strong><\/li>\n<\/ul>\n\n\n\n<p><strong>Tersane Istanbul Bahar Edition&nbsp;<\/strong>kapsam\u0131nda d\u00fczenlenen at\u00f6lyeler, ziyaret\u00e7ilere el i\u015fi, tasar\u0131m, ki\u015fiselle\u015ftirme ve duyusal deneyimleri bir arada sunuyor. Aksesuar tasar\u0131m\u0131ndan \u00e7i\u00e7ek uygulamalar\u0131na, \u00e7ay harmanlamadan yarat\u0131c\u0131 dekoratif \u00fcretimlere uzanan program, kat\u0131l\u0131mc\u0131lara g\u00fcnl\u00fck ya\u015famdan ilham alan \u00f6zg\u00fcn deneyimler ya\u015fat\u0131yor..<\/p>\n\n\n\n<p>4 May\u0131s Pazartesi &nbsp; &nbsp; &nbsp;&nbsp;12:00 \u2013 13:00 Aromatherapy for Inner Balance<\/p>\n\n\n\n<p>7 May\u0131s Per\u015fembe &nbsp; &nbsp;&nbsp;12:00 \u2013 13:30 Collectable Bag Charm<\/p>\n\n\n\n<p>7 May\u0131s Per\u015fembe &nbsp; &nbsp;&nbsp;14:00 \u2013 15:00 \u00c7ay Harmanlama At\u00f6lyesi<\/p>\n\n\n\n<p>7 May\u0131s Per\u015fembe &nbsp; &nbsp;&nbsp;16:30 \u2013 17:30 R\u00f6lyef Bro\u015f Tasar\u0131m\u0131<\/p>\n\n\n\n<p>7 May\u0131s Per\u015fembe &nbsp; &nbsp;&nbsp;Lazer Kesim \u00c7i\u00e7eklerle Headpiece &amp; Vualet<\/p>\n\n\n\n<p>8 May\u0131s Cuma &nbsp; &nbsp; &nbsp; &nbsp; &nbsp; &nbsp;14:00 \u2013 15:00 Eva \u00c7i\u00e7ek Tasar\u0131m At\u00f6lyesi<\/p>\n\n\n\n<p>8 May\u0131s Cuma &nbsp; &nbsp; &nbsp; &nbsp; &nbsp; &nbsp;16:30 \u2013 17:30 Bez \u00c7anta Tasar\u0131m\u0131<\/p>\n\n\n\n<ul class=\"wp-block-list\">\n<li><strong>\u00c7ocuklar ve Aileler \u0130\u00e7in Ke\u015fif Alanlar\u0131<\/strong><\/li>\n<\/ul>\n\n\n\n<p>Aileler i\u00e7in birlikte vakit ge\u00e7irilebilecek keyifli bir \u015fehir rotas\u0131 yaratan etkinliklerin yan\u0131 s\u0131ra Anne-\u00e7ocuk at\u00f6lyeleri ile birlikte \u00fcretmeyi te\u015fvik eden renkli ve e\u011flenceli i\u00e7erikleriyle ailelere keyifli anlar sunuyor. \u00c7ocuklar\u0131n hayal g\u00fcc\u00fcn\u00fc destekleyen yarat\u0131c\u0131 bulu\u015fmalara ev sahipli\u011fi yapan Tersane Istanbul Bahar Edition oyun, ke\u015fif ve yarat\u0131c\u0131l\u0131\u011f\u0131 bir araya getirerek kapsay\u0131c\u0131 ruhunu g\u00fc\u00e7lendiriyor. Tersane Istanbul Bahar Edition, Sevginin en i\u00e7ten duygularla ifade edildi\u011fi \u00f6zel anlardan biri olan Anneler G\u00fcn\u00fc\u2019ne \u00f6zel program\u0131yla da ziyaret\u00e7ilerine keyifli ve anlaml\u0131 bir deneyim sunuyor.<\/p>\n\n\n\n<p>9 May\u0131s Cumartesi &nbsp; &nbsp;&nbsp;16:30 \u2013 17:30 Anne \u00c7ocuk: Renkli Kanatlar Kost\u00fcm Tasar\u0131m\u0131 \u2013 Kelebek<\/p>\n\n\n\n<p>9 May\u0131s Cumartesi &nbsp; &nbsp;&nbsp;14:00 \/ 16:00 \/ 18:00 Nickelodeon Play! Karakterleri ile S\u00fcrpriz Bulu\u015fmalar<\/p>\n\n\n\n<p>10 May\u0131s Pazar &nbsp; &nbsp; &nbsp; &nbsp; &nbsp;10:00 \u2013 19:00 Anneler G\u00fcn\u00fc \u00d6zel Program\u0131&nbsp;<\/p>\n\n\n\n<p>10 May\u0131s Pazar &nbsp; &nbsp; &nbsp; &nbsp; &nbsp;14:00 \u2013 15:00 Anne \u00c7ocuk: Zoetrope At\u00f6lyesi<\/p>\n\n\n\n<p>10 May\u0131s Pazar &nbsp; &nbsp; &nbsp; &nbsp; &nbsp;14:00 \/ 16:00 \/ 18:00 Nickelodeon Play! Karakterleri ile S\u00fcrpriz Bulu\u015fmalar<\/p>\n\n\n\n<p>10 May\u0131s Pazar &nbsp; &nbsp; &nbsp; &nbsp; &nbsp;16:30 \u2013 17:30 Anne \u00c7ocuk: Ah\u015fap Ku\u015f Evi Tasar\u0131m\u0131<\/p>\n\n\n\n<p><strong>\u2022&nbsp; &nbsp; &nbsp; &nbsp;&nbsp;This is Not A Pop Up \u2013 Ak\u015fam Pazar\u0131&nbsp;<\/strong><\/p>\n\n\n\n<p><strong>Tersane Istanbul Bahar Edition&nbsp;<\/strong>kapsam\u0131nda This is Not A Pop Up ile ger\u00e7ekle\u015fen Ak\u015fam Pazar\u0131, Hali\u00e7 k\u0131y\u0131s\u0131nda \u015fehrin ritmini yeniden yorumluyor. Tasar\u0131m ve gastronomiyi ayn\u0131 ak\u0131\u015fta bulu\u015fturan bu \u00f6zel se\u00e7ki, 9-10 May\u0131s tarihlerinde 13:00\u201322:00 saatleri aras\u0131nda a\u00e7\u0131k tezg\u00e2hlarda ya\u015fayan, s\u00fcrekli d\u00f6n\u00fc\u015fen bir pazar deneyimi sunuyor.<\/p>\n\n\n\n<p>G\u00fcn ilerledik\u00e7e de\u011fi\u015fen atmosferi, \u00fcretimle ke\u015ffi i\u00e7 i\u00e7e ge\u00e7iren yap\u0131s\u0131 ve Hali\u00e7\u2019in karakteristik dokusuyla birle\u015fen bu bulu\u015fma, \u0130stanbul\u2019a yeni bir ak\u0131\u015f kat\u0131yor. Giri\u015fin \u00fccretsiz ve rezervasyonsuz oldu\u011fu Ak\u015fam Pazar\u0131, ke\u015ffetmek, tatmak ve ilham almak isteyen herkese a\u00e7\u0131k bir davet niteli\u011fi ta\u015f\u0131yor.<\/p>\n\n\n\n<ul class=\"wp-block-list\">\n<li><strong>Hareket, M\u00fczik ve Sokak Sanat\u0131 Bulu\u015fmas\u0131\u00a0<\/strong><\/li>\n<\/ul>\n\n\n\n<p>Tersane Istanbul Bahar Edition, sokak sanat\u0131n\u0131n farkl\u0131 disiplinlerini bir araya getiren performanslar\u0131yla \u015fehre canl\u0131 ve etkile\u015fimli bir deneyim alan\u0131 sunuyor. Jongl\u00f6r ve pandomim sanat\u00e7\u0131lar\u0131ndan tahta bacak g\u00f6sterilerine, canl\u0131 heykel performanslar\u0131ndan poi sanat\u00e7\u0131lar\u0131na uzanan renkli program; ziyaret\u00e7ileri an\u0131n i\u00e7ine dahil eden g\u00fc\u00e7l\u00fc bir sahne yarat\u0131yor. Canl\u0131 m\u00fczik performanslar\u0131, portre \u00e7izimleri ve balon \u015fovlar\u0131 ise bu \u00e7ok katmanl\u0131 deneyimi tamamlayarak Hali\u00e7 k\u0131y\u0131s\u0131nda g\u00fcn boyu s\u00fcren bir ke\u015fif atmosferi olu\u015fturuyor.<\/p>\n\n\n\n<p><\/p>\n","protected":false},"excerpt":{"rendered":"<p>Hali\u00e7\u2019in en k\u00f6kl\u00fc k\u0131y\u0131lar\u0131ndan birinde, \u015fehrin haf\u0131zas\u0131yla bug\u00fcn\u00fcn enerjisini bulu\u015fturan \u0130stanbul\u2019un yeni bulu\u015fma noktas\u0131\u00a0Tersane Istanbul, 23 Nisan \u2013 19 May\u0131s tarihleri aras\u0131nda ger\u00e7ekle\u015fen\u00a0Tersane Istanbul Bahar&hellip;<\/p>\n","protected":false},"author":6,"featured_media":9641,"comment_status":"open","ping_status":"open","sticky":false,"template":"","format":"standard","meta":{"footnotes":""},"categories":[17],"tags":[],"class_list":["post-9640","post","type-post","status-publish","format-standard","has-post-thumbnail","hentry","category-etkinlikler"],"_links":{"self":[{"href":"https:\/\/www.mallandmotto.com\/index.php\/wp-json\/wp\/v2\/posts\/9640","targetHints":{"allow":["GET"]}}],"collection":[{"href":"https:\/\/www.mallandmotto.com\/index.php\/wp-json\/wp\/v2\/posts"}],"about":[{"href":"https:\/\/www.mallandmotto.com\/index.php\/wp-json\/wp\/v2\/types\/post"}],"author":[{"embeddable":true,"href":"https:\/\/www.mallandmotto.com\/index.php\/wp-json\/wp\/v2\/users\/6"}],"replies":[{"embeddable":true,"href":"https:\/\/www.mallandmotto.com\/index.php\/wp-json\/wp\/v2\/comments?post=9640"}],"version-history":[{"count":1,"href":"https:\/\/www.mallandmotto.com\/index.php\/wp-json\/wp\/v2\/posts\/9640\/revisions"}],"predecessor-version":[{"id":9642,"href":"https:\/\/www.mallandmotto.com\/index.php\/wp-json\/wp\/v2\/posts\/9640\/revisions\/9642"}],"wp:featuredmedia":[{"embeddable":true,"href":"https:\/\/www.mallandmotto.com\/index.php\/wp-json\/wp\/v2\/media\/9641"}],"wp:attachment":[{"href":"https:\/\/www.mallandmotto.com\/index.php\/wp-json\/wp\/v2\/media?parent=9640"}],"wp:term":[{"taxonomy":"category","embeddable":true,"href":"https:\/\/www.mallandmotto.com\/index.php\/wp-json\/wp\/v2\/categories?post=9640"},{"taxonomy":"post_tag","embeddable":true,"href":"https:\/\/www.mallandmotto.com\/index.php\/wp-json\/wp\/v2\/tags?post=9640"}],"curies":[{"name":"wp","href":"https:\/\/api.w.org\/{rel}","templated":true}]}}