{"id":9647,"date":"2026-04-29T08:50:21","date_gmt":"2026-04-29T08:50:21","guid":{"rendered":"https:\/\/www.mallandmotto.com\/?p=9647"},"modified":"2026-04-29T08:50:22","modified_gmt":"2026-04-29T08:50:22","slug":"mango-10-yeni-magaza-ile-turkiyedeki-varligini-guclendiriyor","status":"publish","type":"post","link":"https:\/\/www.mallandmotto.com\/index.php\/2026\/04\/29\/mango-10-yeni-magaza-ile-turkiyedeki-varligini-guclendiriyor\/","title":{"rendered":"MANGO, 10 Yeni Ma\u011faza ile T\u00fcrkiye\u2019deki Varl\u0131\u011f\u0131n\u0131 G\u00fc\u00e7lendiriyor"},"content":{"rendered":"\n<h3 class=\"wp-block-heading\">1997 y\u0131l\u0131nda T\u00fcrkiye pazar\u0131na giren ve 2025 y\u0131l\u0131n\u0131 70\u2019in \u00fczerinde sat\u0131\u015f noktas\u0131 ile tamamlayan MANGO, 2026 y\u0131l\u0131 i\u00e7in planlad\u0131\u011f\u0131 10 yeni ma\u011faza ile T\u00fcrkiye\u2019deki varl\u0131\u011f\u0131n\u0131 g\u00fc\u00e7lendiriyor.\u00a0<\/h3>\n\n\n\n<p>\u00d6nde gelen uluslararas\u0131 moda markalar\u0131ndan MANGO, 2026 y\u0131l\u0131nda a\u00e7may\u0131 planlad\u0131\u011f\u0131 10 yeni sat\u0131\u015f noktas\u0131 ile T\u00fcrkiye\u2019deki b\u00fcy\u00fcmesini s\u00fcrd\u00fcrerek y\u0131l sonunda ma\u011faza say\u0131s\u0131n\u0131 80\u2019e \u00e7\u0131karmay\u0131 hedefliyor. Bu hedef, MANGO\u2019nun T\u00fcrkiye\u2019de 6 yeni ma\u011faza a\u00e7\u0131l\u0131\u015f\u0131 ve 10 renovasyon \u00e7al\u0131\u015fmas\u0131yla konumunu g\u00fc\u00e7lendirdi\u011fi ve cirosunda yakla\u015f\u0131k %20 b\u00fcy\u00fcme kaydetti\u011fi g\u00fc\u00e7l\u00fc 2025 performans\u0131n\u0131n devam\u0131 niteli\u011fini ta\u015f\u0131yor.<\/p>\n\n\n\n<p>2026 y\u0131l\u0131ndaki b\u00fcy\u00fcme plan\u0131 a\u011f\u0131rl\u0131kl\u0131 olarak \u0130stanbul ve Ankara\u2019da yo\u011funla\u015f\u0131rken, Kad\u0131n, Erkek ve \u00c7ocuk koleksiyonlar\u0131n\u0131 kaps\u0131yor. Bu koleksiyonlar, MANGO\u2019nun Barselona\u2019daki at\u00f6lyesinde 500 ki\u015filik bir ekip taraf\u0131ndan tasarlanan giyim, ayakkab\u0131 ve aksesuar \u00fcr\u00fcnlerinden olu\u015fuyor.<\/p>\n\n\n\n<p>MANGO, ma\u011faza i\u00e7i deneyimi geli\u015ftirmeye y\u00f6nelik devam eden yenileme \u00e7al\u0131\u015fmalar\u0131n\u0131 da s\u00fcrd\u00fcr\u00fcyor. \u015eirket, y\u0131l sonuna kadar, yak\u0131n zamanda Antalya TerraCity Al\u0131\u015fveri\u015f Merkezi\u2019ndeki ma\u011fazas\u0131nda ger\u00e7ekle\u015ftirdi\u011fi renovasyonu takiben, markan\u0131n ruhunu ve dinamizmini yans\u0131tan New Med tasar\u0131m konsepti do\u011frultusunda \u00f6nemli lokasyonlarda 5 yenileme ger\u00e7ekle\u015ftirmeyi hedefliyor. Markan\u0131n Akdeniz miras\u0131 ve k\u00fclt\u00fcr\u00fcnden ilham alan bu i\u00e7 mek\u00e2n tasar\u0131m\u0131nda s\u00fcrd\u00fcr\u00fclebilirlik ve mimari entegrasyon \u00f6n planda yer al\u0131rken, MANGO ma\u011fazalar\u0131 farkl\u0131 alanlardan olu\u015fan bir Akdeniz evi konsepti olarak kurgulan\u0131yor. Ma\u011faza i\u00e7i alanlarda s\u0131cak tonlar ve n\u00f6tr renkler; geleneksel, el i\u015f\u00e7ili\u011fi, s\u00fcrd\u00fcr\u00fclebilir ve do\u011fal malzemelerle bir araya geliyor.<\/p>\n\n\n\n<p>T\u00fcrkiye\u2019deki bu geni\u015fleme plan\u0131, MANGO\u2019nun 2024\u20132026 4E Stratejik Plan\u0131\u2019n\u0131n bir par\u00e7as\u0131n\u0131 olu\u015fturuyor ve \u015firketin farkl\u0131la\u015fan de\u011fer \u00f6nerisini g\u00fc\u00e7lendirirken, hem fiziksel ma\u011fazalar hem de online kanallar arac\u0131l\u0131\u011f\u0131yla b\u00fcy\u00fcmeyi h\u0131zland\u0131rmay\u0131 hedefliyor.<\/p>\n\n\n\n<p>Konuya ili\u015fkin de\u011ferlendirmede bulunan MANGO EMANI, T\u00fcrkiye ve Asya Uluslararas\u0131 Perakende Direkt\u00f6r\u00fc H\u00fcseyin G\u00f6l\u00e7\u00fck, T\u00fcrkiye\u2019nin MANGO\u2019nun kilit pazarlar\u0131 aras\u0131nda yer ald\u0131\u011f\u0131n\u0131 belirterek \u015funlar\u0131 s\u00f6yledi:&nbsp;<em>\u201cT\u00fcrkiye\u2019de ilk ma\u011fazam\u0131z\u0131 yakla\u015f\u0131k otuz y\u0131l \u00f6nce a\u00e7t\u0131k ve y\u0131llar i\u00e7inde m\u00fc\u015fterilerimizle g\u00fc\u00e7l\u00fc bir ba\u011f kurduk. 2026 y\u0131l\u0131ndaki yeni ma\u011faza yat\u0131r\u0131mlar\u0131m\u0131z, Akdeniz\u2019den ilham alan koleksiyonlar\u0131m\u0131z\u0131 m\u00fc\u015fterilerimize daha da yak\u0131nla\u015ft\u0131r\u0131rken, T\u00fcrkiye\u2019ye olan g\u00fcvenimizin ve pazara y\u00f6nelik uzun vadeli taahh\u00fcd\u00fcm\u00fcz\u00fcn a\u00e7\u0131k bir g\u00f6stergesini olu\u015fturuyor.\u201d<\/em><\/p>\n\n\n\n<p>1997 y\u0131l\u0131nda T\u00fcrkiye\u2019ye giri\u015f yapan MANGO, 2025 y\u0131l\u0131 sonunda 70\u2019in \u00fczerinde sat\u0131\u015f noktas\u0131na ula\u015f\u0131rken, kendi online kanal\u0131 ve di\u011fer pazaryerleri arac\u0131l\u0131\u011f\u0131yla da g\u00fc\u00e7l\u00fc bir dijital varl\u0131k olu\u015fturdu.&nbsp;<\/p>\n","protected":false},"excerpt":{"rendered":"<p>1997 y\u0131l\u0131nda T\u00fcrkiye pazar\u0131na giren ve 2025 y\u0131l\u0131n\u0131 70\u2019in \u00fczerinde sat\u0131\u015f noktas\u0131 ile tamamlayan MANGO, 2026 y\u0131l\u0131 i\u00e7in planlad\u0131\u011f\u0131 10 yeni ma\u011faza ile T\u00fcrkiye\u2019deki varl\u0131\u011f\u0131n\u0131&hellip;<\/p>\n","protected":false},"author":6,"featured_media":9648,"comment_status":"open","ping_status":"open","sticky":false,"template":"","format":"standard","meta":{"footnotes":""},"categories":[12],"tags":[],"class_list":["post-9647","post","type-post","status-publish","format-standard","has-post-thumbnail","hentry","category-perakende"],"_links":{"self":[{"href":"https:\/\/www.mallandmotto.com\/index.php\/wp-json\/wp\/v2\/posts\/9647","targetHints":{"allow":["GET"]}}],"collection":[{"href":"https:\/\/www.mallandmotto.com\/index.php\/wp-json\/wp\/v2\/posts"}],"about":[{"href":"https:\/\/www.mallandmotto.com\/index.php\/wp-json\/wp\/v2\/types\/post"}],"author":[{"embeddable":true,"href":"https:\/\/www.mallandmotto.com\/index.php\/wp-json\/wp\/v2\/users\/6"}],"replies":[{"embeddable":true,"href":"https:\/\/www.mallandmotto.com\/index.php\/wp-json\/wp\/v2\/comments?post=9647"}],"version-history":[{"count":1,"href":"https:\/\/www.mallandmotto.com\/index.php\/wp-json\/wp\/v2\/posts\/9647\/revisions"}],"predecessor-version":[{"id":9649,"href":"https:\/\/www.mallandmotto.com\/index.php\/wp-json\/wp\/v2\/posts\/9647\/revisions\/9649"}],"wp:featuredmedia":[{"embeddable":true,"href":"https:\/\/www.mallandmotto.com\/index.php\/wp-json\/wp\/v2\/media\/9648"}],"wp:attachment":[{"href":"https:\/\/www.mallandmotto.com\/index.php\/wp-json\/wp\/v2\/media?parent=9647"}],"wp:term":[{"taxonomy":"category","embeddable":true,"href":"https:\/\/www.mallandmotto.com\/index.php\/wp-json\/wp\/v2\/categories?post=9647"},{"taxonomy":"post_tag","embeddable":true,"href":"https:\/\/www.mallandmotto.com\/index.php\/wp-json\/wp\/v2\/tags?post=9647"}],"curies":[{"name":"wp","href":"https:\/\/api.w.org\/{rel}","templated":true}]}}