{"id":9686,"date":"2026-04-30T08:49:46","date_gmt":"2026-04-30T08:49:46","guid":{"rendered":"https:\/\/www.mallandmotto.com\/?p=9686"},"modified":"2026-04-30T08:49:47","modified_gmt":"2026-04-30T08:49:47","slug":"kempinski-hotel-the-dome-belek-23-nisanda-parlayan-yeteneklerin-sahnesi-oldu","status":"publish","type":"post","link":"https:\/\/www.mallandmotto.com\/index.php\/2026\/04\/30\/kempinski-hotel-the-dome-belek-23-nisanda-parlayan-yeteneklerin-sahnesi-oldu\/","title":{"rendered":"Kempinski Hotel The Dome Belek, 23 Nisan&#8217;da Parlayan Yeteneklerin Sahnesi Oldu"},"content":{"rendered":"\n<h3 class=\"wp-block-heading\"><strong>Akdeniz\u2019in b\u00fcy\u00fcleyici mavisiyle b\u00fct\u00fcnle\u015fen Kempinski Hotel The Dome Belek, 23 Nisan Ulusal Egemenlik ve \u00c7ocuk Bayram\u0131\u2019n\u0131 gen\u00e7 yeteneklerin \u0131\u015f\u0131\u011f\u0131yla ta\u00e7land\u0131rd\u0131. Otelin zarif ambiyans\u0131nda ger\u00e7ekle\u015fen bu \u00f6zel bulu\u015fma, bayram co\u015fkusunu sanat\u0131n birle\u015ftirici g\u00fcc\u00fcyle bulu\u015fturdu. Antalya Serenat Art Academy\u2019den gen\u00e7 bir m\u00fczisyenin Piano Bar\u2019da sergiledi\u011fi performans, bayram\u0131n ruhunu notalarla peki\u015ftirirken, davetlilere hem duygusal hem de unutulmaz anlar ya\u015fatt\u0131.<\/strong><\/h3>\n\n\n\n<p>Kempinski\u2019nin k\u00f6kl\u00fc miras\u0131, sadece l\u00fcks bir konaklama deneyimi sunman\u0131n \u00e7ok \u00f6tesine ge\u00e7erek; Avrupa\u2019n\u0131n en eski l\u00fcks otelcilik zinciri olman\u0131n verdi\u011fi sorumlulukla, sanat\u0131n evrenselli\u011fini misafirlerinin g\u00fcnl\u00fck rutinlerine incelikli bir \u015fekilde dahil ediyor. Kempinski, otellerini sadece birer durak de\u011fil, sanat\u0131n ve yarat\u0131c\u0131l\u0131\u011f\u0131n nefes ald\u0131\u011f\u0131 ya\u015fayan k\u00fclt\u00fcr platformlar\u0131 olarak konumland\u0131r\u0131yor. Bu yakla\u015f\u0131m, Kempinski\u2019nin &#8220;Concertini&#8221; program\u0131 ile otel atmosferinin ritmini sanatla yeniden tan\u0131mlayan zarif bir dokunu\u015fa d\u00f6n\u00fc\u015f\u00fcyor.<\/p>\n\n\n\n<p>Bu k\u00fclt\u00fcrel derinli\u011fin T\u00fcrkiye\u2019deki en \u00f6zel yans\u0131malar\u0131ndan biri olan&nbsp;Kempinski Hotel The Dome Belek, Akdeniz\u2019in turkuaz sular\u0131na a\u00e7\u0131lan konumu kadar, sundu\u011fu ayr\u0131cal\u0131kl\u0131 ya\u015fam alanlar\u0131yla da bir ilham kayna\u011f\u0131 olmay\u0131 s\u00fcrd\u00fcr\u00fcyor. Sel\u00e7uklu mimarisinin estetik dokusunu, modern l\u00fcks\u00fcn konforuyla bulu\u015fturan otel, sundu\u011fu her hizmette bir &#8220;sanat eseri&#8221; \u00f6zeni sergiliyor. Kempinski Hotel The Dome, b\u00fcnyesindeki sanat etkinlikleriyle klasik otelcilik anlay\u0131\u015f\u0131n\u0131 d\u00f6n\u00fc\u015ft\u00fcrerek misafirlerine se\u00e7kin bir atmosfer sunuyor.<\/p>\n\n\n\n<p>Bu d\u00f6n\u00fc\u015f\u00fcm\u00fcn en anlaml\u0131 duraklar\u0131ndan biri, 23 Nisan Ulusal Egemenlik ve \u00c7ocuk Bayram\u0131\u2019nda ya\u015fand\u0131. Kempinski Hotel The Dome\u2019da yer alan Piano Bar\u2019\u0131n sahnesi, 23 Nisan\u2019da gen\u00e7 yetenekleri a\u011f\u0131rlad\u0131. G\u00fcn\u00fcn enerjisiyle birle\u015fen performanslar, otelin sofistike ortam\u0131na sanatsal bir boyut katarken, m\u00fczik arac\u0131l\u0131\u011f\u0131yla ku\u015faklar aras\u0131nda k\u00f6pr\u00fcler kuruldu. Gen\u00e7 sanat\u00e7\u0131lar\u0131n tutkular\u0131, otelin zarif dokusunda umudun ve yenilenmenin sembol\u00fc haline geldi.<\/p>\n\n\n\n<p>Kempinski Hotel The Dome Belek, &#8220;Concertini&#8221; serisi ile gen\u00e7 sanat\u00e7\u0131lar\u0131n vizyonlar\u0131na sahne olmaya, onlar\u0131 d\u00fcnya standartlar\u0131nda bir izleyici kitlesiyle bulu\u015fturmaya ve sanat\u0131n iyile\u015ftirici g\u00fcc\u00fcn\u00fc mekanlar\u0131na ta\u015f\u0131maya devam edecek. \u00d6n\u00fcm\u00fczdeki d\u00f6nemde de farkl\u0131 disiplinlerden gen\u00e7 yetenekleri a\u011f\u0131rlayacak olan Kempinski Hotel The Dome, her notada ve her sanatsal dokunu\u015fta misafirlerine kendi i\u00e7lerindeki ilham\u0131 ke\u015ffedecekleri bir d\u00fcnya sunmay\u0131 s\u00fcrd\u00fcrecek. Kempinski \u00e7at\u0131s\u0131 alt\u0131nda sanat, otelin karakterini besleyen, misafir deneyimini zenginle\u015ftiren ve zamans\u0131z bir l\u00fcks alg\u0131s\u0131n\u0131 kal\u0131c\u0131 k\u0131lan en temel de\u011fer olmaya devam ediyor.<\/p>\n\n\n\n<p><strong>KEMPINSKI HAKKINDA<\/strong><\/p>\n\n\n\n<p>1872 y\u0131l\u0131nda kurulan&nbsp;Kempinski<strong>&nbsp;<\/strong>Group, Avrupa&#8217;n\u0131n en k\u00f6kl\u00fc l\u00fcks otel zinciridir. Kempinski&#8217;nin kusursuz ki\u015fiselle\u015ftirilmi\u015f hizmet ve \u00fcst\u00fcn misafirperverlikten olu\u015fan zengin miras\u0131, tesislerinin ayr\u0131cal\u0131kl\u0131 yap\u0131s\u0131 ve \u00f6zg\u00fcnl\u00fc\u011f\u00fc ile tamamlanmaktad\u0131r. G\u00fcn\u00fcm\u00fczde Kempinski Group, 30 \u00fclkede&nbsp;73 otel ve rezidans&nbsp;i\u015fletmekte olup, d\u00fcnya genelinde geli\u015ftirme a\u015famas\u0131nda olan&nbsp;22&#8217;den fazla prestijli projeye&nbsp;sahiptir.<\/p>\n\n\n\n<p>Her bir be\u015f y\u0131ld\u0131zl\u0131 otel, k\u00f6kl\u00fc ge\u00e7mi\u015fini g\u00f6z ard\u0131 etmeksizin Kempinski markas\u0131n\u0131n g\u00fcc\u00fcn\u00fc ve ba\u015far\u0131s\u0131n\u0131 yans\u0131t\u0131r. Her tesis, misafirlerin Kempinski&#8217;den bekledi\u011fi kaliteyi sunarken, ayn\u0131 zamanda bulundu\u011fu konumun k\u00fclt\u00fcrel geleneklerini de b\u00fcnyesinde bar\u0131nd\u0131r\u0131r. Markan\u0131n portf\u00f6y\u00fcnde; tarihi simge yap\u0131lar, \u00f6d\u00fcll\u00fc \u015fehir ya\u015fam\u0131 otelleri, se\u00e7kin tatil k\u00f6yleri ve prestijli rezidanslar yer almaktad\u0131r.<\/p>\n\n\n\n<p>Kempinski, d\u00fcnyan\u0131n en b\u00fcy\u00fck ba\u011f\u0131ms\u0131z otel markalar\u0131 birli\u011fi olan&nbsp;Global Hotel Alliance (GHA)&#8217;\u0131n kurucu \u00fcyesidir.<\/p>\n","protected":false},"excerpt":{"rendered":"<p>Akdeniz\u2019in b\u00fcy\u00fcleyici mavisiyle b\u00fct\u00fcnle\u015fen Kempinski Hotel The Dome Belek, 23 Nisan Ulusal Egemenlik ve \u00c7ocuk Bayram\u0131\u2019n\u0131 gen\u00e7 yeteneklerin \u0131\u015f\u0131\u011f\u0131yla ta\u00e7land\u0131rd\u0131. Otelin zarif ambiyans\u0131nda ger\u00e7ekle\u015fen bu&hellip;<\/p>\n","protected":false},"author":6,"featured_media":9688,"comment_status":"open","ping_status":"open","sticky":false,"template":"","format":"standard","meta":{"footnotes":""},"categories":[16],"tags":[],"class_list":["post-9686","post","type-post","status-publish","format-standard","has-post-thumbnail","hentry","category-haber"],"_links":{"self":[{"href":"https:\/\/www.mallandmotto.com\/index.php\/wp-json\/wp\/v2\/posts\/9686","targetHints":{"allow":["GET"]}}],"collection":[{"href":"https:\/\/www.mallandmotto.com\/index.php\/wp-json\/wp\/v2\/posts"}],"about":[{"href":"https:\/\/www.mallandmotto.com\/index.php\/wp-json\/wp\/v2\/types\/post"}],"author":[{"embeddable":true,"href":"https:\/\/www.mallandmotto.com\/index.php\/wp-json\/wp\/v2\/users\/6"}],"replies":[{"embeddable":true,"href":"https:\/\/www.mallandmotto.com\/index.php\/wp-json\/wp\/v2\/comments?post=9686"}],"version-history":[{"count":1,"href":"https:\/\/www.mallandmotto.com\/index.php\/wp-json\/wp\/v2\/posts\/9686\/revisions"}],"predecessor-version":[{"id":9689,"href":"https:\/\/www.mallandmotto.com\/index.php\/wp-json\/wp\/v2\/posts\/9686\/revisions\/9689"}],"wp:featuredmedia":[{"embeddable":true,"href":"https:\/\/www.mallandmotto.com\/index.php\/wp-json\/wp\/v2\/media\/9688"}],"wp:attachment":[{"href":"https:\/\/www.mallandmotto.com\/index.php\/wp-json\/wp\/v2\/media?parent=9686"}],"wp:term":[{"taxonomy":"category","embeddable":true,"href":"https:\/\/www.mallandmotto.com\/index.php\/wp-json\/wp\/v2\/categories?post=9686"},{"taxonomy":"post_tag","embeddable":true,"href":"https:\/\/www.mallandmotto.com\/index.php\/wp-json\/wp\/v2\/tags?post=9686"}],"curies":[{"name":"wp","href":"https:\/\/api.w.org\/{rel}","templated":true}]}}