{"id":9690,"date":"2026-04-30T08:51:42","date_gmt":"2026-04-30T08:51:42","guid":{"rendered":"https:\/\/www.mallandmotto.com\/?p=9690"},"modified":"2026-04-30T08:51:43","modified_gmt":"2026-04-30T08:51:43","slug":"bozcaada-caz-festivalinin-salhane-sahnesi-icin-acik-cagri-basladi","status":"publish","type":"post","link":"https:\/\/www.mallandmotto.com\/index.php\/2026\/04\/30\/bozcaada-caz-festivalinin-salhane-sahnesi-icin-acik-cagri-basladi\/","title":{"rendered":"Bozcaada Caz Festivali\u2019nin Salhane Sahnesi i\u00e7in A\u00e7\u0131k \u00c7a\u011fr\u0131 Ba\u015flad\u0131"},"content":{"rendered":"\n<h3 class=\"wp-block-heading\"><strong>2017 y\u0131l\u0131ndan bu yana Bozcaada\u2019n\u0131n ilham veren co\u011frafyas\u0131n\u0131 mesken tutan ve bu sene 4-6 Eyl\u00fcl tarihleri aras\u0131nda 10. edisyonuyla kat\u0131l\u0131mc\u0131lar\u0131n\u0131 a\u011f\u0131rlamaya haz\u0131rlanan Bozcaada Caz Festivali\u2019nin Salhane Sahnesi i\u00e7in a\u00e7\u0131k \u00e7a\u011fr\u0131 ba\u015flad\u0131. \u00c7e\u015fitlili\u011fi ve yeni m\u00fczikal sesleri destekleyen Bozcaada Caz Festivali, T\u00fcrkiye\u2019nin d\u00f6rt bir yan\u0131ndan y\u00fckselen ve caz, deneysel ve do\u011fa\u00e7lama m\u00fczik yapan kariyerinin ba\u015f\u0131ndaki sanat\u00e7\u0131lar\u0131n ba\u015fvurular\u0131n\u0131 bekliyor. 10 May\u0131s tarihine kadar ba\u015fvurular\u0131n kabul edilece\u011fi a\u00e7\u0131k \u00e7a\u011fr\u0131 sonucunda Bozcaada Caz Festivali\u2019nin 10. senesinde Salhane Sahnesi\u2019nde sahne alarak festivalin bir par\u00e7as\u0131 olma ve m\u00fczi\u011fini kat\u0131l\u0131mc\u0131larla payla\u015fma f\u0131rsat\u0131 bulacak isimler 15 May\u0131s Cuma g\u00fcn\u00fc a\u00e7\u0131klanacak.<\/strong><\/h3>\n\n\n\n<p>M\u00fczik program\u0131n\u0131n yan\u0131 s\u0131ra farkl\u0131 disiplinlerle dirsek temas\u0131 kuran ve her y\u0131l yeni bir tema etraf\u0131nda \u015fekillenen&nbsp;<strong>KE\u015e\u0130F<\/strong>&nbsp;etkinlikleriyle de kat\u0131l\u0131mc\u0131lar\u0131na zengin bir festival deneyimi sunan Bozcaada Caz Festivali,&nbsp;<strong>Paribu<\/strong>&nbsp;ana sponsorlu\u011funda ve&nbsp;<strong>Kendine Has, Volkswagen, Jack Lives Here, Tchibo, Caudalie&nbsp;<\/strong>ve&nbsp;<strong>Gemini&nbsp;<\/strong>deste\u011fiyle bu y\u0131l &nbsp;<strong>4-6 Eyl\u00fcl<\/strong>&nbsp;tarihleri aras\u0131nda 10. edisyonu ile kat\u0131l\u0131mc\u0131lar\u0131n\u0131 a\u011f\u0131rlamaya haz\u0131rlan\u0131yor.&nbsp;<strong>Bozcaada Caz Festivali<\/strong>\u2019nin Salhane Sahnesi i\u00e7in ba\u015flatt\u0131\u011f\u0131 a\u00e7\u0131k \u00e7a\u011fr\u0131 i\u00e7in ba\u015fvurular&nbsp;<strong>10 May\u0131s 2026 Pazar g\u00fcn\u00fc saat 23.59\u2019a kadar<\/strong>&nbsp;kabul edilecek. Festival ekibi ve \u00f6zel bir se\u00e7ici bir kurul taraf\u0131ndan de\u011ferlendirmeye al\u0131nacak ba\u015fvurular\u0131n sonu\u00e7lar\u0131 15 May\u0131s Pazar g\u00fcn\u00fc duyurulacak.&nbsp;<\/p>\n\n\n\n<p><strong><u>Kimler Ba\u015fvurabilir?<\/u><\/strong><\/p>\n\n\n\n<p>\u25cf&nbsp;<em>Caz\u0131 hisseden, deneyen, do\u011fa\u00e7lamay\u0131 seven m\u00fczisyenler<\/em><\/p>\n\n\n\n<p>\u25cf&nbsp;<em>Kariyerinin ba\u015f\u0131ndaki veya yeni bir m\u00fczikal yolculu\u011fa ad\u0131m atan m\u00fczisyenler<\/em>&nbsp;<\/p>\n\n\n\n<p>\u25cf&nbsp;<em>Kendi sesini bulmu\u015f, tercihen \u00f6zg\u00fcn besteleri olan projeler<\/em>&nbsp;<\/p>\n\n\n\n<p>\u25cf<em>&nbsp;Sahne boyutu g\u00f6z \u00f6n\u00fcnde bulundurularak en fazla 4-5 ki\u015filik gruplar<\/em><\/p>\n\n\n\n<p><strong><u>Nas\u0131l Ba\u015fvurulur?<\/u><\/strong><\/p>\n\n\n\n<p>Ba\u015fvuru kapsam\u0131nda; projelerinizi belli kal\u0131plara s\u0131k\u0131\u015fmadan, \u00f6zg\u00fcn bir \u015fekilde aktarman\u0131z, tercihen canl\u0131 kay\u0131t olacak \u015fekilde performans videolar\u0131n\u0131z\u0131 payla\u015fman\u0131z, grup ve \u00fcyelerine ait sosyal medya hesaplar\u0131n\u0131 eklemeniz ve Bozcaada Caz Festivali sahnesinde yer alman\u0131n sizin i\u00e7in neden de\u011ferli oldu\u011fundan k\u0131saca bahsetmeniz bekleniyor. Ba\u015fvurular\u0131n\u0131z\u0131, ilgili&nbsp;<a href=\"https:\/\/docs.google.com\/forms\/d\/e\/1FAIpQLSfv4nE_fnKrM09m078rbo1vSZvx5JfOplTyFccs6YlN6mgs0Q\/viewform\">ba\u015fvuru formu<\/a>\u00fczerinden ger\u00e7ekle\u015ftirebilirsiniz.<\/p>\n\n\n\n<p><strong>Ba\u015fvuru formu 10 May\u0131s 2026 Pazar saat 23.59\u2019a kadar a\u00e7\u0131k.<\/strong><\/p>\n\n\n\n<p>Bozcaada Caz Festivali ile ilgili g\u00fcncel duyurular\u0131&nbsp;<a href=\"https:\/\/bozcaadacazfestivali.com\/\">bozcaadacazfestivali.com<\/a>adresi ve festivalin&nbsp;<a href=\"https:\/\/www.instagram.com\/bozcaadacazfestivali\">Instagram<\/a>,&nbsp;<a href=\"https:\/\/www.youtube.com\/c\/BozcaadaCazFestivali\">Youtube<\/a>&nbsp;ve&nbsp;<a href=\"https:\/\/www.linkedin.com\/company\/bozcaada-jazz-festival\/posts\/?feedView=all\">LinkedIn<\/a>&nbsp;hesaplar\u0131ndan takip edebilirsiniz.<\/p>\n","protected":false},"excerpt":{"rendered":"<p>2017 y\u0131l\u0131ndan bu yana Bozcaada\u2019n\u0131n ilham veren co\u011frafyas\u0131n\u0131 mesken tutan ve bu sene 4-6 Eyl\u00fcl tarihleri aras\u0131nda 10. edisyonuyla kat\u0131l\u0131mc\u0131lar\u0131n\u0131 a\u011f\u0131rlamaya haz\u0131rlanan Bozcaada Caz Festivali\u2019nin&hellip;<\/p>\n","protected":false},"author":6,"featured_media":9691,"comment_status":"open","ping_status":"open","sticky":false,"template":"","format":"standard","meta":{"footnotes":""},"categories":[17],"tags":[],"class_list":["post-9690","post","type-post","status-publish","format-standard","has-post-thumbnail","hentry","category-etkinlikler"],"_links":{"self":[{"href":"https:\/\/www.mallandmotto.com\/index.php\/wp-json\/wp\/v2\/posts\/9690","targetHints":{"allow":["GET"]}}],"collection":[{"href":"https:\/\/www.mallandmotto.com\/index.php\/wp-json\/wp\/v2\/posts"}],"about":[{"href":"https:\/\/www.mallandmotto.com\/index.php\/wp-json\/wp\/v2\/types\/post"}],"author":[{"embeddable":true,"href":"https:\/\/www.mallandmotto.com\/index.php\/wp-json\/wp\/v2\/users\/6"}],"replies":[{"embeddable":true,"href":"https:\/\/www.mallandmotto.com\/index.php\/wp-json\/wp\/v2\/comments?post=9690"}],"version-history":[{"count":1,"href":"https:\/\/www.mallandmotto.com\/index.php\/wp-json\/wp\/v2\/posts\/9690\/revisions"}],"predecessor-version":[{"id":9692,"href":"https:\/\/www.mallandmotto.com\/index.php\/wp-json\/wp\/v2\/posts\/9690\/revisions\/9692"}],"wp:featuredmedia":[{"embeddable":true,"href":"https:\/\/www.mallandmotto.com\/index.php\/wp-json\/wp\/v2\/media\/9691"}],"wp:attachment":[{"href":"https:\/\/www.mallandmotto.com\/index.php\/wp-json\/wp\/v2\/media?parent=9690"}],"wp:term":[{"taxonomy":"category","embeddable":true,"href":"https:\/\/www.mallandmotto.com\/index.php\/wp-json\/wp\/v2\/categories?post=9690"},{"taxonomy":"post_tag","embeddable":true,"href":"https:\/\/www.mallandmotto.com\/index.php\/wp-json\/wp\/v2\/tags?post=9690"}],"curies":[{"name":"wp","href":"https:\/\/api.w.org\/{rel}","templated":true}]}}