{"id":979,"date":"2025-07-16T06:32:40","date_gmt":"2025-07-16T06:32:40","guid":{"rendered":"https:\/\/www.mallandmotto.com\/?p=979"},"modified":"2025-07-21T20:29:06","modified_gmt":"2025-07-21T20:29:06","slug":"avm-metrekare-verimlilik-endeksi-subat-2025te-yuzde-265-artti","status":"publish","type":"post","link":"https:\/\/www.mallandmotto.com\/index.php\/2025\/07\/16\/avm-metrekare-verimlilik-endeksi-subat-2025te-yuzde-265-artti\/","title":{"rendered":"AVM Metrekare Verimlilik Endeksi \u015eubat 2025\u2019te Y\u00fczde 26,5 Artt\u0131"},"content":{"rendered":"\n<h3 class=\"wp-block-heading\">AVM Ciro Endeksi, \u015eubat 2025\u2019te y\u00fczde 26,5 art\u0131\u015f g\u00f6sterdi ancak enflasyonun gerisinde kald\u0131. Reel olarak son 23 ay\u0131n en d\u00fc\u015f\u00fck seviyesine i\u015faret eden endekste, al\u0131\u015fveri\u015f ekonomisindeki yava\u015flama dikkat \u00e7ekti.<\/h3>\n\n\n\n<p>Al\u0131\u015fveri\u015f Merkezleri ve Yat\u0131r\u0131mc\u0131lar\u0131 Derne\u011fi (AYD) ile Akademetre Research taraf\u0131ndan ortakla\u015fa olu\u015fturulan AVM Endeksi\u2019nin \u015eubat ay\u0131 sonu\u00e7lar\u0131 a\u00e7\u0131kland\u0131. Her ay d\u00fczenli olarak yay\u0131nlanan verilere g\u00f6re ciro endeksi, \u015eubat 2025 d\u00f6neminde, bir \u00f6nceki y\u0131l\u0131n ayn\u0131 ay\u0131 ile kar\u015f\u0131la\u015ft\u0131r\u0131ld\u0131\u011f\u0131nda ve enflasyondan ar\u0131nd\u0131r\u0131lmam\u0131\u015f olarak incelendi\u011finde y\u00fczde 26,5 oran\u0131nda artarak 3229 puana y\u00fckseldi. \u015eubat 2025 i\u00e7in a\u00e7\u0131klanan y\u0131ll\u0131k enflasyon oran\u0131n\u0131n y\u00fczde 39,05 oldu\u011fu d\u00fc\u015f\u00fcn\u00fcld\u00fc\u011f\u00fcnde, metrekare verimlilik endeksindeki art\u0131\u015f\u0131n enflasyonun alt\u0131nda oldu\u011fu g\u00f6r\u00fclmektedir.&nbsp;<\/p>\n\n\n\n<p>Endeks rakamlar\u0131n\u0131 yorumlayan&nbsp;<strong>Ekonomist Fatih Keresteci&nbsp;<\/strong>\u015fu noktalara dikkat \u00e7ekti: \u201cAVM ciro endeksi 2025 y\u0131l\u0131 \u015eubat ay\u0131nda, ge\u00e7ti\u011fimiz y\u0131l\u0131n ayn\u0131 ay\u0131na g\u00f6re nominal olarak %26,5 b\u00fcy\u00fcd\u00fc. Ancak, T\u00dc\u0130K\u2019in \u015eubat ay\u0131 y\u0131ll\u0131k T\u00dcFE art\u0131\u015f\u0131n\u0131n %39,1 oldu\u011fu dikkate al\u0131n\u0131rsa reel anlamda \u00e7ift haneli bir daralma s\u00f6z konusu. T\u00fcketici ile ilgili \u00f6nc\u00fc g\u00f6stergelerin de teyit etti\u011fi \u00fczere al\u0131\u015fveri\u015f ekonomisinde 2025 ile ba\u015flayan ivme kayb\u0131 \u015eubat\u2019ta da s\u00fcrm\u00fc\u015f oldu. \u00dcstelik, enflasyon etkisinden ar\u0131nd\u0131r\u0131lm\u0131\u015f verilere g\u00f6re \u015eubat endeksinin son 23 ay\u0131n en d\u00fc\u015f\u00fc\u011f\u00fc oldu\u011funu da not d\u00fc\u015felim. Bu zay\u0131f performans\u0131n arkas\u0131nda d\u00fc\u015f\u00fck g\u00fcn say\u0131s\u0131 ve olumsuz hava ko\u015fullar\u0131n\u0131n etkisi yads\u0131namaz. Ancak, yeni y\u0131lla birlikte her \u015feyin zamlanaca\u011f\u0131 endi\u015fesinden dolay\u0131 \u00f6ne \u00e7ekilen t\u00fcketim ile okul \u00f6demeleri ba\u015fta olmak \u00fczere di\u011fer kalemlerin c\u00fczdandaki al\u0131\u015fveri\u015f pay\u0131n\u0131 azaltt\u0131\u011f\u0131n\u0131 da belirtmekte yarar var. Kategori baz\u0131nda bakt\u0131\u011f\u0131m\u0131zda hipermarket ve giyim kalemlerinde g\u00f6receli olarak daha g\u00fc\u00e7l\u00fc bir seyir izlenirken \u00f6nceki aylar\u0131n aksine yiyecek-i\u00e7ecek g\u00fcc\u00fcn\u00fc koruyamam\u0131\u015f. Bunda olumsuz hava ko\u015fullar\u0131n\u0131n pay\u0131 var diye d\u00fc\u015f\u00fcn\u00fcyoruz. Teknoloji harcamalar\u0131 ise son aylarda oldu\u011fu \u00fczere g\u00f6receli olarak en zay\u0131f kategoriyi olu\u015fturmaya devam etmi\u015f. Ziyaret\u00e7i say\u0131lar\u0131nda hem Ocak hem de ge\u00e7en y\u0131l\u0131n \u015eubat ay\u0131na g\u00f6re \u00e7ift haneli oranda bir d\u00fc\u015f\u00fc\u015f ya\u015fan\u0131rken \u015eubat 2022\u2019den bu yana en d\u00fc\u015f\u00fck ayl\u0131k endeks rakam\u0131 da kaydedilmi\u015f oldu.\u201d<\/p>\n","protected":false},"excerpt":{"rendered":"<p>AVM Ciro Endeksi, \u015eubat 2025\u2019te y\u00fczde 26,5 art\u0131\u015f g\u00f6sterdi ancak enflasyonun gerisinde kald\u0131. Reel olarak son 23 ay\u0131n en d\u00fc\u015f\u00fck seviyesine i\u015faret eden endekste, al\u0131\u015fveri\u015f&hellip;<\/p>\n","protected":false},"author":6,"featured_media":980,"comment_status":"open","ping_status":"open","sticky":false,"template":"","format":"standard","meta":{"footnotes":""},"categories":[28,11,30],"tags":[],"class_list":["post-979","post","type-post","status-publish","format-standard","has-post-thumbnail","hentry","category-arastirma","category-avm","category-surmanset"],"_links":{"self":[{"href":"https:\/\/www.mallandmotto.com\/index.php\/wp-json\/wp\/v2\/posts\/979","targetHints":{"allow":["GET"]}}],"collection":[{"href":"https:\/\/www.mallandmotto.com\/index.php\/wp-json\/wp\/v2\/posts"}],"about":[{"href":"https:\/\/www.mallandmotto.com\/index.php\/wp-json\/wp\/v2\/types\/post"}],"author":[{"embeddable":true,"href":"https:\/\/www.mallandmotto.com\/index.php\/wp-json\/wp\/v2\/users\/6"}],"replies":[{"embeddable":true,"href":"https:\/\/www.mallandmotto.com\/index.php\/wp-json\/wp\/v2\/comments?post=979"}],"version-history":[{"count":1,"href":"https:\/\/www.mallandmotto.com\/index.php\/wp-json\/wp\/v2\/posts\/979\/revisions"}],"predecessor-version":[{"id":981,"href":"https:\/\/www.mallandmotto.com\/index.php\/wp-json\/wp\/v2\/posts\/979\/revisions\/981"}],"wp:featuredmedia":[{"embeddable":true,"href":"https:\/\/www.mallandmotto.com\/index.php\/wp-json\/wp\/v2\/media\/980"}],"wp:attachment":[{"href":"https:\/\/www.mallandmotto.com\/index.php\/wp-json\/wp\/v2\/media?parent=979"}],"wp:term":[{"taxonomy":"category","embeddable":true,"href":"https:\/\/www.mallandmotto.com\/index.php\/wp-json\/wp\/v2\/categories?post=979"},{"taxonomy":"post_tag","embeddable":true,"href":"https:\/\/www.mallandmotto.com\/index.php\/wp-json\/wp\/v2\/tags?post=979"}],"curies":[{"name":"wp","href":"https:\/\/api.w.org\/{rel}","templated":true}]}}