{"id":985,"date":"2025-07-16T06:39:41","date_gmt":"2025-07-16T06:39:41","guid":{"rendered":"https:\/\/www.mallandmotto.com\/?p=985"},"modified":"2025-07-16T06:39:42","modified_gmt":"2025-07-16T06:39:42","slug":"suwen-200-magazaya-ulasti","status":"publish","type":"post","link":"https:\/\/www.mallandmotto.com\/index.php\/2025\/07\/16\/suwen-200-magazaya-ulasti\/","title":{"rendered":"Suwen 200 Ma\u011fazaya Ula\u015ft\u0131"},"content":{"rendered":"\n<h3 class=\"wp-block-heading\"><strong>Kad\u0131n i\u00e7 giyim, ev giyim ve plaj giyim sekt\u00f6r\u00fcn\u00fcn \u00f6nc\u00fc markalar\u0131ndan\u00a0Suwen\u2019in b\u00fcy\u00fcme yolculu\u011fu devam ediyor. Mart ay\u0131nda U\u015fak Ertu\u011frul Park Cadde\u2019de yeni ma\u011fazas\u0131n\u0131 a\u00e7an Suwen, toplamda 200 ma\u011fazaya ula\u015ft\u0131.<\/strong><\/h3>\n\n\n\n<p>Yurti\u00e7inde 181, yurtd\u0131\u015f\u0131nda ise 19 ma\u011fazas\u0131yla b\u00fcy\u00fcmesini s\u00fcrd\u00fcren Suwen, geni\u015fleyen ma\u011faza a\u011f\u0131yla moda ve konforu bir araya getiren \u00fcr\u00fcnlerini daha fazla m\u00fc\u015fteriyle bulu\u015fturmay\u0131 hedefliyor.&nbsp;T\u00fcrkiye\u2019deki perakende a\u011f\u0131n\u0131 geni\u015fletmenin yan\u0131 s\u0131ra ana ihracat pazar\u0131 Ortado\u011fu ve K\u00f6rfez B\u00f6lgesi ile orta ve uzun vadede Do\u011fu Avrupa, Kuzey Afrika, Orta Asya, T\u00fcrk Cumhuriyetleri ve Rusya pazarlar\u0131nda da b\u00fcy\u00fcmeye odaklanan Suwen \u015fubat ay\u0131nda da Mo\u011folistan\u2019daki ilk ma\u011fazas\u0131n\u0131 a\u00e7m\u0131\u015ft\u0131.<\/p>\n\n\n\n<p>Suwen Genel M\u00fcd\u00fcr\u00fc Ali Bolluk, konuyla ilgili yapt\u0131\u011f\u0131 a\u00e7\u0131klamada \u015funlar\u0131 s\u00f6yledi:&nbsp;<em>\u201cSuwen olarak, kaliteyi ve \u015f\u0131kl\u0131\u011f\u0131 ula\u015f\u0131labilir k\u0131lma misyonumuz do\u011frultusunda b\u00fcy\u00fcmeye devam ediyoruz. M\u00fc\u015fterilerimize en iyi deneyimi sunmak i\u00e7in T\u00fcrkiye ve global pazarda yeni ma\u011fazalar a\u00e7maya devam edece\u011fiz. 200 ma\u011faza hedefimize ula\u015fman\u0131n gururunu ya\u015farken, b\u00fcy\u00fcmeye ve kad\u0131nlar\u0131n hayat\u0131na dokunmaya devam edece\u011fiz.\u201d<\/em><\/p>\n\n\n\n<p>M\u00fc\u015fteri odakl\u0131 hizmet anlay\u0131\u015f\u0131yla sekt\u00f6rde fark yaratan Suwen, \u00f6n\u00fcm\u00fczdeki d\u00f6nemde hem yurti\u00e7inde hem de yurtd\u0131\u015f\u0131nda ma\u011faza yat\u0131r\u0131mlar\u0131n\u0131 art\u0131rarak b\u00fcy\u00fcmesini s\u00fcrd\u00fcrmeyi planl\u0131yor.<\/p>\n","protected":false},"excerpt":{"rendered":"<p>Kad\u0131n i\u00e7 giyim, ev giyim ve plaj giyim sekt\u00f6r\u00fcn\u00fcn \u00f6nc\u00fc markalar\u0131ndan\u00a0Suwen\u2019in b\u00fcy\u00fcme yolculu\u011fu devam ediyor. Mart ay\u0131nda U\u015fak Ertu\u011frul Park Cadde\u2019de yeni ma\u011fazas\u0131n\u0131 a\u00e7an Suwen,&hellip;<\/p>\n","protected":false},"author":6,"featured_media":986,"comment_status":"open","ping_status":"open","sticky":false,"template":"","format":"standard","meta":{"footnotes":""},"categories":[12],"tags":[],"class_list":["post-985","post","type-post","status-publish","format-standard","has-post-thumbnail","hentry","category-perakende"],"_links":{"self":[{"href":"https:\/\/www.mallandmotto.com\/index.php\/wp-json\/wp\/v2\/posts\/985","targetHints":{"allow":["GET"]}}],"collection":[{"href":"https:\/\/www.mallandmotto.com\/index.php\/wp-json\/wp\/v2\/posts"}],"about":[{"href":"https:\/\/www.mallandmotto.com\/index.php\/wp-json\/wp\/v2\/types\/post"}],"author":[{"embeddable":true,"href":"https:\/\/www.mallandmotto.com\/index.php\/wp-json\/wp\/v2\/users\/6"}],"replies":[{"embeddable":true,"href":"https:\/\/www.mallandmotto.com\/index.php\/wp-json\/wp\/v2\/comments?post=985"}],"version-history":[{"count":1,"href":"https:\/\/www.mallandmotto.com\/index.php\/wp-json\/wp\/v2\/posts\/985\/revisions"}],"predecessor-version":[{"id":987,"href":"https:\/\/www.mallandmotto.com\/index.php\/wp-json\/wp\/v2\/posts\/985\/revisions\/987"}],"wp:featuredmedia":[{"embeddable":true,"href":"https:\/\/www.mallandmotto.com\/index.php\/wp-json\/wp\/v2\/media\/986"}],"wp:attachment":[{"href":"https:\/\/www.mallandmotto.com\/index.php\/wp-json\/wp\/v2\/media?parent=985"}],"wp:term":[{"taxonomy":"category","embeddable":true,"href":"https:\/\/www.mallandmotto.com\/index.php\/wp-json\/wp\/v2\/categories?post=985"},{"taxonomy":"post_tag","embeddable":true,"href":"https:\/\/www.mallandmotto.com\/index.php\/wp-json\/wp\/v2\/tags?post=985"}],"curies":[{"name":"wp","href":"https:\/\/api.w.org\/{rel}","templated":true}]}}